{"id":2548,"date":"2021-07-29T19:25:10","date_gmt":"2021-07-29T17:25:10","guid":{"rendered":"http:\/\/foerderverein-thermalbad-badbodendorf.de\/?p=2548"},"modified":"2021-07-29T19:43:07","modified_gmt":"2021-07-29T17:43:07","slug":"das-bad-muss-im-kollektiven-gedaechnis-bleiben","status":"publish","type":"post","link":"https:\/\/foerderverein-thermalbad-badbodendorf.de\/?p=2548","title":{"rendered":"Das Bad muss im kollektiven Ged\u00e4chnis bleiben"},"content":{"rendered":"<p>In der Nacht vom 14. auf den 15. Juli 2021 passierte die schreckliche Hochwasserkatastrophe im Ahrtal und auch anderswo, wo aus kleinen Fl\u00fcssen und B\u00e4chen reissende Str\u00f6me wurden.<\/p>\n<p>Auch unser geliebtes Thermalbad wurde von den Fluten nicht verschont<\/p>\n<p><a href=\"https:\/\/foerderverein-thermalbad-badbodendorf.de\/wp-content\/uploads\/WhatsApp-Image-2021-07-23-at-17.22.281.jpeg\"><img loading=\"lazy\" decoding=\"async\" class=\"alignleft size-thumbnail wp-image-2541\" src=\"https:\/\/foerderverein-thermalbad-badbodendorf.de\/wp-content\/uploads\/WhatsApp-Image-2021-07-23-at-17.22.281-200x150.jpeg\" alt=\"\" width=\"200\" height=\"150\" \/><\/a> <a href=\"https:\/\/foerderverein-thermalbad-badbodendorf.de\/wp-content\/uploads\/WhatsApp-Image-2021-07-23-at-22.16.00.jpeg\"><img loading=\"lazy\" decoding=\"async\" class=\"alignleft size-thumbnail wp-image-2546\" src=\"https:\/\/foerderverein-thermalbad-badbodendorf.de\/wp-content\/uploads\/WhatsApp-Image-2021-07-23-at-22.16.00-200x150.jpeg\" alt=\"\" width=\"200\" height=\"150\" \/><\/a> <a href=\"https:\/\/foerderverein-thermalbad-badbodendorf.de\/wp-content\/uploads\/WhatsApp-Image-2021-07-23-at-22.15.584.jpeg\"><img loading=\"lazy\" decoding=\"async\" class=\"alignleft size-thumbnail wp-image-2545\" src=\"https:\/\/foerderverein-thermalbad-badbodendorf.de\/wp-content\/uploads\/WhatsApp-Image-2021-07-23-at-22.15.584-200x150.jpeg\" alt=\"\" width=\"200\" height=\"150\" \/><\/a> <a href=\"https:\/\/foerderverein-thermalbad-badbodendorf.de\/wp-content\/uploads\/WhatsApp-Image-2021-07-23-at-22.15.583.jpeg\"><img loading=\"lazy\" decoding=\"async\" class=\"alignleft size-thumbnail wp-image-2544\" src=\"https:\/\/foerderverein-thermalbad-badbodendorf.de\/wp-content\/uploads\/WhatsApp-Image-2021-07-23-at-22.15.583-200x150.jpeg\" alt=\"\" width=\"200\" height=\"150\" \/><\/a> <a href=\"https:\/\/foerderverein-thermalbad-badbodendorf.de\/wp-content\/uploads\/WhatsApp-Image-2021-07-23-at-22.15.57.jpeg\"><img loading=\"lazy\" decoding=\"async\" class=\"alignleft size-thumbnail wp-image-2543\" src=\"https:\/\/foerderverein-thermalbad-badbodendorf.de\/wp-content\/uploads\/WhatsApp-Image-2021-07-23-at-22.15.57-200x150.jpeg\" alt=\"\" width=\"200\" height=\"150\" \/><\/a> <a href=\"https:\/\/foerderverein-thermalbad-badbodendorf.de\/wp-content\/uploads\/WhatsApp-Image-2021-07-23-at-17.22.28.jpeg\"><img loading=\"lazy\" decoding=\"async\" class=\"alignleft size-thumbnail wp-image-2542\" src=\"https:\/\/foerderverein-thermalbad-badbodendorf.de\/wp-content\/uploads\/WhatsApp-Image-2021-07-23-at-17.22.28-200x150.jpeg\" alt=\"\" width=\"200\" height=\"150\" \/><\/a><\/p>\n<p>&nbsp;<\/p>\n<p>&nbsp;<\/p>\n<p>&nbsp;<\/p>\n<p>&nbsp;<\/p>\n<p>&nbsp;<\/p>\n<p>&nbsp;<\/p>\n<p>&nbsp;<\/p>\n<p>&nbsp;<\/p>\n<p>&nbsp;<\/p>\n<p>&nbsp;<\/p>\n<p>&nbsp;<\/p>\n<p>Nachdem<a href=\"https:\/\/foerderverein-thermalbad-badbodendorf.de\/wp-content\/uploads\/WhatsApp-Image-2021-07-23-at-22.16.001.jpeg\"><img loading=\"lazy\" decoding=\"async\" class=\"alignleft size-thumbnail wp-image-2547\" src=\"https:\/\/foerderverein-thermalbad-badbodendorf.de\/wp-content\/uploads\/WhatsApp-Image-2021-07-23-at-22.16.001-200x150.jpeg\" alt=\"\" width=\"200\" height=\"150\" \/><\/a> das meiste Wasser wieder ins Bett der Ahr zur\u00fcckgeflossen ist, ist das Ausma\u00df der Zerst\u00f6rung sichtbar<\/p>\n<p>&nbsp;<\/p>\n<p>&nbsp;<\/p>\n<p>&nbsp;<\/p>\n<p>&nbsp;<\/p>\n<p>&nbsp;<\/p>\n<p>&nbsp;<\/p>\n<p>Wenn alle Toten geborgen und bestattet worden sind;<\/p>\n<p>Wenn alle \u00dcberlebenden wieder ein Dach \u00fcber dem Kopf, Trinkwasser, Strom und Gas haben;<\/p>\n<p>Wenn die Verzweiflung, Fassungslosigkeit und Trauer \u00fcber die Toten, die vernichteten Existenzen und Zukunftspl\u00e4ne, das unfassbare Leid aller Betroffenen sich lindern, dann k\u00f6nnten wir &#8211; vielleicht &#8211; daf\u00fcr sorgen, dass das Thermalbad nicht vergessen wird.<\/p>\n<p>Auch wenn Becken, Technik und anderes noch nicht saniert sind, k\u00f6nnen das Caf\u00e9 und der Park im Thermalbad ge\u00f6ffnet werden, als Begegnungs-, Kommunikations- und Erholungsst\u00e4tte. Veranstaltungen im Bad k\u00f6nnten daf\u00fcr sorgen, dass der Wunsch einer umfassenden Sanierung bleibt und gr\u00f6\u00dfer wird. Auch wenn wir es selbst vielleicht nicht mehr erleben sollten, wir f\u00fchlen uns den kommenden Generationen gegen\u00fcber verpflichtet, dieses einmalige Bad wieder aufzubauen.<\/p>\n<p>Wenn wir alle zusammenstehen, schaffen wir auch den Wiederaufbau unseres geliebten Thermalbades.<\/p>\n<p>Um unsere Mitglieder ausf\u00fchrlich zu informieren, laden wir zu einer au\u00dferordentlichen Mitgliederversammlung am Dienstag, den 31. August 2021 in das RheinHotel ARTE in Remagen-Kripp ein. Sie werden schriftlich benachrichtigt.<\/p>\n<p>&nbsp;<\/p>\n<p>&nbsp;<\/p>\n<p>&nbsp;<\/p>\n<p>Fotos: privat<\/p>\n<p>&nbsp;<\/p>\n<p>&nbsp;<\/p>\n","protected":false},"excerpt":{"rendered":"<p>In der Nacht vom 14. auf den 15. Juli 2021 passierte die schreckliche Hochwasserkatastrophe im Ahrtal und auch anderswo, wo aus kleinen Fl\u00fcssen und B\u00e4chen reissende Str\u00f6me wurden. Auch unser geliebtes Thermalbad wurde von den Fluten nicht verschont &nbsp; &nbsp; &nbsp; &nbsp; &nbsp; &nbsp; &nbsp; &nbsp; &nbsp; &nbsp; &nbsp; Nachdem das meiste Wasser wieder ins &hellip; <\/p>\n<p><a class=\"more-link btn\" href=\"https:\/\/foerderverein-thermalbad-badbodendorf.de\/?p=2548\">Weiterlesen<\/a><\/p>\n","protected":false},"author":1,"featured_media":0,"comment_status":"closed","ping_status":"closed","sticky":false,"template":"","format":"standard","meta":{"footnotes":""},"categories":[1],"tags":[],"class_list":["post-2548","post","type-post","status-publish","format-standard","hentry","category-beitragsarchiv","nodate","item-wrap"],"yoast_head":"<!-- This site is optimized with the Yoast SEO plugin v27.1.1 - https:\/\/yoast.com\/product\/yoast-seo-wordpress\/ -->\n<title>Das Bad muss im kollektiven Ged\u00e4chnis bleiben - Mit Rat und Tat f\u00fcr unser Thermalfreibad!<\/title>\n<meta name=\"robots\" content=\"index, follow, max-snippet:-1, max-image-preview:large, max-video-preview:-1\" \/>\n<link rel=\"canonical\" href=\"https:\/\/foerderverein-thermalbad-badbodendorf.de\/?p=2548\" \/>\n<meta name=\"twitter:label1\" content=\"Verfasst von\" \/>\n\t<meta name=\"twitter:data1\" content=\"MLG\" \/>\n\t<meta name=\"twitter:label2\" content=\"Gesch\u00e4tzte Lesezeit\" \/>\n\t<meta name=\"twitter:data2\" content=\"1\u00a0Minute\" \/>\n<script type=\"application\/ld+json\" class=\"yoast-schema-graph\">{\"@context\":\"https:\/\/schema.org\",\"@graph\":[{\"@type\":\"Article\",\"@id\":\"https:\/\/foerderverein-thermalbad-badbodendorf.de\/?p=2548#article\",\"isPartOf\":{\"@id\":\"https:\/\/foerderverein-thermalbad-badbodendorf.de\/?p=2548\"},\"author\":{\"name\":\"MLG\",\"@id\":\"https:\/\/foerderverein-thermalbad-badbodendorf.de\/#\/schema\/person\/548304b45e9df6375cf0aa6f2c88df8c\"},\"headline\":\"Das Bad muss im kollektiven Ged\u00e4chnis bleiben\",\"datePublished\":\"2021-07-29T17:25:10+00:00\",\"dateModified\":\"2021-07-29T17:43:07+00:00\",\"mainEntityOfPage\":{\"@id\":\"https:\/\/foerderverein-thermalbad-badbodendorf.de\/?p=2548\"},\"wordCount\":262,\"image\":{\"@id\":\"https:\/\/foerderverein-thermalbad-badbodendorf.de\/?p=2548#primaryimage\"},\"thumbnailUrl\":\"http:\/\/foerderverein-thermalbad-badbodendorf.de\/wp-content\/uploads\/WhatsApp-Image-2021-07-23-at-17.22.281-200x150.jpeg\",\"articleSection\":[\"Beitragsarchiv\"],\"inLanguage\":\"de\"},{\"@type\":\"WebPage\",\"@id\":\"https:\/\/foerderverein-thermalbad-badbodendorf.de\/?p=2548\",\"url\":\"https:\/\/foerderverein-thermalbad-badbodendorf.de\/?p=2548\",\"name\":\"Das Bad muss im kollektiven Ged\u00e4chnis bleiben - Mit Rat und Tat f\u00fcr unser Thermalfreibad!\",\"isPartOf\":{\"@id\":\"https:\/\/foerderverein-thermalbad-badbodendorf.de\/#website\"},\"primaryImageOfPage\":{\"@id\":\"https:\/\/foerderverein-thermalbad-badbodendorf.de\/?p=2548#primaryimage\"},\"image\":{\"@id\":\"https:\/\/foerderverein-thermalbad-badbodendorf.de\/?p=2548#primaryimage\"},\"thumbnailUrl\":\"http:\/\/foerderverein-thermalbad-badbodendorf.de\/wp-content\/uploads\/WhatsApp-Image-2021-07-23-at-17.22.281-200x150.jpeg\",\"datePublished\":\"2021-07-29T17:25:10+00:00\",\"dateModified\":\"2021-07-29T17:43:07+00:00\",\"author\":{\"@id\":\"https:\/\/foerderverein-thermalbad-badbodendorf.de\/#\/schema\/person\/548304b45e9df6375cf0aa6f2c88df8c\"},\"inLanguage\":\"de\",\"potentialAction\":[{\"@type\":\"ReadAction\",\"target\":[\"https:\/\/foerderverein-thermalbad-badbodendorf.de\/?p=2548\"]}]},{\"@type\":\"ImageObject\",\"inLanguage\":\"de\",\"@id\":\"https:\/\/foerderverein-thermalbad-badbodendorf.de\/?p=2548#primaryimage\",\"url\":\"http:\/\/foerderverein-thermalbad-badbodendorf.de\/wp-content\/uploads\/WhatsApp-Image-2021-07-23-at-17.22.281-200x150.jpeg\",\"contentUrl\":\"http:\/\/foerderverein-thermalbad-badbodendorf.de\/wp-content\/uploads\/WhatsApp-Image-2021-07-23-at-17.22.281-200x150.jpeg\"},{\"@type\":\"WebSite\",\"@id\":\"https:\/\/foerderverein-thermalbad-badbodendorf.de\/#website\",\"url\":\"https:\/\/foerderverein-thermalbad-badbodendorf.de\/\",\"name\":\"Mit Rat und Tat f\u00fcr unser Thermalfreibad!\",\"description\":\"\",\"potentialAction\":[{\"@type\":\"SearchAction\",\"target\":{\"@type\":\"EntryPoint\",\"urlTemplate\":\"https:\/\/foerderverein-thermalbad-badbodendorf.de\/?s={search_term_string}\"},\"query-input\":{\"@type\":\"PropertyValueSpecification\",\"valueRequired\":true,\"valueName\":\"search_term_string\"}}],\"inLanguage\":\"de\"},{\"@type\":\"Person\",\"@id\":\"https:\/\/foerderverein-thermalbad-badbodendorf.de\/#\/schema\/person\/548304b45e9df6375cf0aa6f2c88df8c\",\"name\":\"MLG\",\"url\":\"https:\/\/foerderverein-thermalbad-badbodendorf.de\/?author=1\"}]}<\/script>\n<!-- \/ Yoast SEO plugin. -->","yoast_head_json":{"title":"Das Bad muss im kollektiven Ged\u00e4chnis bleiben - Mit Rat und Tat f\u00fcr unser Thermalfreibad!","robots":{"index":"index","follow":"follow","max-snippet":"max-snippet:-1","max-image-preview":"max-image-preview:large","max-video-preview":"max-video-preview:-1"},"canonical":"https:\/\/foerderverein-thermalbad-badbodendorf.de\/?p=2548","twitter_misc":{"Verfasst von":"MLG","Gesch\u00e4tzte Lesezeit":"1\u00a0Minute"},"schema":{"@context":"https:\/\/schema.org","@graph":[{"@type":"Article","@id":"https:\/\/foerderverein-thermalbad-badbodendorf.de\/?p=2548#article","isPartOf":{"@id":"https:\/\/foerderverein-thermalbad-badbodendorf.de\/?p=2548"},"author":{"name":"MLG","@id":"https:\/\/foerderverein-thermalbad-badbodendorf.de\/#\/schema\/person\/548304b45e9df6375cf0aa6f2c88df8c"},"headline":"Das Bad muss im kollektiven Ged\u00e4chnis bleiben","datePublished":"2021-07-29T17:25:10+00:00","dateModified":"2021-07-29T17:43:07+00:00","mainEntityOfPage":{"@id":"https:\/\/foerderverein-thermalbad-badbodendorf.de\/?p=2548"},"wordCount":262,"image":{"@id":"https:\/\/foerderverein-thermalbad-badbodendorf.de\/?p=2548#primaryimage"},"thumbnailUrl":"http:\/\/foerderverein-thermalbad-badbodendorf.de\/wp-content\/uploads\/WhatsApp-Image-2021-07-23-at-17.22.281-200x150.jpeg","articleSection":["Beitragsarchiv"],"inLanguage":"de"},{"@type":"WebPage","@id":"https:\/\/foerderverein-thermalbad-badbodendorf.de\/?p=2548","url":"https:\/\/foerderverein-thermalbad-badbodendorf.de\/?p=2548","name":"Das Bad muss im kollektiven Ged\u00e4chnis bleiben - Mit Rat und Tat f\u00fcr unser Thermalfreibad!","isPartOf":{"@id":"https:\/\/foerderverein-thermalbad-badbodendorf.de\/#website"},"primaryImageOfPage":{"@id":"https:\/\/foerderverein-thermalbad-badbodendorf.de\/?p=2548#primaryimage"},"image":{"@id":"https:\/\/foerderverein-thermalbad-badbodendorf.de\/?p=2548#primaryimage"},"thumbnailUrl":"http:\/\/foerderverein-thermalbad-badbodendorf.de\/wp-content\/uploads\/WhatsApp-Image-2021-07-23-at-17.22.281-200x150.jpeg","datePublished":"2021-07-29T17:25:10+00:00","dateModified":"2021-07-29T17:43:07+00:00","author":{"@id":"https:\/\/foerderverein-thermalbad-badbodendorf.de\/#\/schema\/person\/548304b45e9df6375cf0aa6f2c88df8c"},"inLanguage":"de","potentialAction":[{"@type":"ReadAction","target":["https:\/\/foerderverein-thermalbad-badbodendorf.de\/?p=2548"]}]},{"@type":"ImageObject","inLanguage":"de","@id":"https:\/\/foerderverein-thermalbad-badbodendorf.de\/?p=2548#primaryimage","url":"http:\/\/foerderverein-thermalbad-badbodendorf.de\/wp-content\/uploads\/WhatsApp-Image-2021-07-23-at-17.22.281-200x150.jpeg","contentUrl":"http:\/\/foerderverein-thermalbad-badbodendorf.de\/wp-content\/uploads\/WhatsApp-Image-2021-07-23-at-17.22.281-200x150.jpeg"},{"@type":"WebSite","@id":"https:\/\/foerderverein-thermalbad-badbodendorf.de\/#website","url":"https:\/\/foerderverein-thermalbad-badbodendorf.de\/","name":"Mit Rat und Tat f\u00fcr unser Thermalfreibad!","description":"","potentialAction":[{"@type":"SearchAction","target":{"@type":"EntryPoint","urlTemplate":"https:\/\/foerderverein-thermalbad-badbodendorf.de\/?s={search_term_string}"},"query-input":{"@type":"PropertyValueSpecification","valueRequired":true,"valueName":"search_term_string"}}],"inLanguage":"de"},{"@type":"Person","@id":"https:\/\/foerderverein-thermalbad-badbodendorf.de\/#\/schema\/person\/548304b45e9df6375cf0aa6f2c88df8c","name":"MLG","url":"https:\/\/foerderverein-thermalbad-badbodendorf.de\/?author=1"}]}},"_links":{"self":[{"href":"https:\/\/foerderverein-thermalbad-badbodendorf.de\/index.php?rest_route=\/wp\/v2\/posts\/2548","targetHints":{"allow":["GET"]}}],"collection":[{"href":"https:\/\/foerderverein-thermalbad-badbodendorf.de\/index.php?rest_route=\/wp\/v2\/posts"}],"about":[{"href":"https:\/\/foerderverein-thermalbad-badbodendorf.de\/index.php?rest_route=\/wp\/v2\/types\/post"}],"author":[{"embeddable":true,"href":"https:\/\/foerderverein-thermalbad-badbodendorf.de\/index.php?rest_route=\/wp\/v2\/users\/1"}],"replies":[{"embeddable":true,"href":"https:\/\/foerderverein-thermalbad-badbodendorf.de\/index.php?rest_route=%2Fwp%2Fv2%2Fcomments&post=2548"}],"version-history":[{"count":4,"href":"https:\/\/foerderverein-thermalbad-badbodendorf.de\/index.php?rest_route=\/wp\/v2\/posts\/2548\/revisions"}],"predecessor-version":[{"id":2561,"href":"https:\/\/foerderverein-thermalbad-badbodendorf.de\/index.php?rest_route=\/wp\/v2\/posts\/2548\/revisions\/2561"}],"wp:attachment":[{"href":"https:\/\/foerderverein-thermalbad-badbodendorf.de\/index.php?rest_route=%2Fwp%2Fv2%2Fmedia&parent=2548"}],"wp:term":[{"taxonomy":"category","embeddable":true,"href":"https:\/\/foerderverein-thermalbad-badbodendorf.de\/index.php?rest_route=%2Fwp%2Fv2%2Fcategories&post=2548"},{"taxonomy":"post_tag","embeddable":true,"href":"https:\/\/foerderverein-thermalbad-badbodendorf.de\/index.php?rest_route=%2Fwp%2Fv2%2Ftags&post=2548"}],"curies":[{"name":"wp","href":"https:\/\/api.w.org\/{rel}","templated":true}]}}