{"id":2937,"date":"2025-10-23T11:58:22","date_gmt":"2025-10-23T09:58:22","guid":{"rendered":"https:\/\/foerderverein-thermalbad-badbodendorf.de\/?p=2937"},"modified":"2025-10-23T11:58:25","modified_gmt":"2025-10-23T09:58:25","slug":"jahreshauptversammlung-2025","status":"publish","type":"post","link":"https:\/\/foerderverein-thermalbad-badbodendorf.de\/?p=2937","title":{"rendered":"Jahreshauptversammlung 2025"},"content":{"rendered":"\n<h2 class=\"wp-block-heading\">Einladung zur Jahreshauptversammlung, Dienstag, 18. November 2025, 19 Uhr, im Rheinhotel ARTE, Remagen-Kripp, Rheinallee 1<\/h2>\n\n\n\n<p><br \/>Sehr geehrte Damen und Herren,<br \/>liebe Mitglieder,<br \/>Im November sollen die Abrissarbeiten im Thermalbad beginnen, damit Anfang 2026 mit dem Wiederaufbau begonnen werden kann.<br \/>\u00dcber den aktuellen Stand wird uns Frau Sofia Lunnebach, Gesch\u00e4ftsf\u00fchrerin der GEWI, auf dieser Mitgliederversammlung informieren.<br \/>Die Mitglieder des Vorstands freuen sich, wenn Sie diese Gelegenheit der Information nutzen und es einrichten k\u00f6nnen an der Mitgliederversammlung teilzunehmen.<br \/>Nicht zuletzt auch, weil Frau Lunnebach nochmals den aktuellen Planungsstand vorstellen wird<br \/>und wir als F\u00f6rderverein die Chance nutzen sollten mit unserem Sachverstand noch<br \/>Vorschl\u00e4ge ein zu bringen.<br \/>Unser Tagesordnungsvorschlag<\/p>\n\n\n\n<ul class=\"wp-block-list\">\n<li>Begr\u00fc\u00dfung und Er\u00f6ffnung<\/li>\n\n\n\n<li>Feststellung der ordnungsgem\u00e4\u00dfen Einladung<\/li>\n\n\n\n<li>Genehmigung der Tagesordnung<\/li>\n\n\n\n<li>Der Wiederaufbau<br \/>Bericht Frau Sofia Lunnebach, Gesch\u00e4ftsf\u00fchrerin der GEWI SINZIG<\/li>\n\n\n\n<li>Aussprache<\/li>\n\n\n\n<li>Dokumentation des Wiederaufbaus<\/li>\n\n\n\n<li>Arbeitsbericht des Vorstandes<\/li>\n\n\n\n<li>Kassenbericht<\/li>\n\n\n\n<li>Bericht der Kassenpr\u00fcfer<\/li>\n\n\n\n<li>Aussprache zu den Punkten 7 bis 9 der Tagesordnung<\/li>\n\n\n\n<li>Entlastung des Vorstands<\/li>\n\n\n\n<li>Verschiedenes<\/li>\n<\/ul>\n\n\n\n<p>Mit freundlichen Gr\u00fc\u00dfen <br \/>16. Oktober 2025<br \/>Hans Diedenhofen<br \/>Vorsitzender<\/p>\n\n\n\n<p><\/p>\n\n\n\n<p><\/p>\n","protected":false},"excerpt":{"rendered":"<p>Einladung zur Jahreshauptversammlung, Dienstag, 18. November 2025, 19 Uhr, im Rheinhotel ARTE, Remagen-Kripp, Rheinallee 1 Sehr geehrte Damen und Herren,liebe Mitglieder,Im November sollen die Abrissarbeiten im Thermalbad beginnen, damit Anfang 2026 mit dem Wiederaufbau begonnen werden kann.\u00dcber den aktuellen Stand wird uns Frau Sofia Lunnebach, Gesch\u00e4ftsf\u00fchrerin der GEWI, auf dieser Mitgliederversammlung informieren.Die Mitglieder des Vorstands &hellip; <\/p>\n<p><a class=\"more-link btn\" href=\"https:\/\/foerderverein-thermalbad-badbodendorf.de\/?p=2937\">Weiterlesen<\/a><\/p>\n","protected":false},"author":6,"featured_media":2677,"comment_status":"closed","ping_status":"closed","sticky":false,"template":"","format":"standard","meta":{"footnotes":""},"categories":[32],"tags":[],"class_list":["post-2937","post","type-post","status-publish","format-standard","has-post-thumbnail","hentry","category-neuigkeiten","nodate","item-wrap"],"yoast_head":"<!-- This site is optimized with the Yoast SEO plugin v27.1.1 - https:\/\/yoast.com\/product\/yoast-seo-wordpress\/ -->\n<title>Jahreshauptversammlung 2025 - Mit Rat und Tat f\u00fcr unser Thermalfreibad!<\/title>\n<meta name=\"robots\" content=\"index, follow, max-snippet:-1, max-image-preview:large, max-video-preview:-1\" \/>\n<link rel=\"canonical\" href=\"https:\/\/foerderverein-thermalbad-badbodendorf.de\/?p=2937\" \/>\n<meta name=\"twitter:label1\" content=\"Verfasst von\" \/>\n\t<meta name=\"twitter:data1\" content=\"Achim Gottschalk\" \/>\n\t<meta name=\"twitter:label2\" content=\"Gesch\u00e4tzte Lesezeit\" \/>\n\t<meta name=\"twitter:data2\" content=\"2\u00a0Minuten\" \/>\n<script type=\"application\/ld+json\" class=\"yoast-schema-graph\">{\"@context\":\"https:\/\/schema.org\",\"@graph\":[{\"@type\":\"Article\",\"@id\":\"https:\/\/foerderverein-thermalbad-badbodendorf.de\/?p=2937#article\",\"isPartOf\":{\"@id\":\"https:\/\/foerderverein-thermalbad-badbodendorf.de\/?p=2937\"},\"author\":{\"name\":\"Achim Gottschalk\",\"@id\":\"https:\/\/foerderverein-thermalbad-badbodendorf.de\/#\/schema\/person\/c4b226087e138a4152ba4a346fae92ad\"},\"headline\":\"Jahreshauptversammlung 2025\",\"datePublished\":\"2025-10-23T09:58:22+00:00\",\"dateModified\":\"2025-10-23T09:58:25+00:00\",\"mainEntityOfPage\":{\"@id\":\"https:\/\/foerderverein-thermalbad-badbodendorf.de\/?p=2937\"},\"wordCount\":159,\"image\":{\"@id\":\"https:\/\/foerderverein-thermalbad-badbodendorf.de\/?p=2937#primaryimage\"},\"thumbnailUrl\":\"https:\/\/foerderverein-thermalbad-badbodendorf.de\/wp-content\/uploads\/WhatsApp-Image-2021-10-06-at-08.50.581.jpeg\",\"articleSection\":[\"Neuigkeiten\"],\"inLanguage\":\"de\"},{\"@type\":\"WebPage\",\"@id\":\"https:\/\/foerderverein-thermalbad-badbodendorf.de\/?p=2937\",\"url\":\"https:\/\/foerderverein-thermalbad-badbodendorf.de\/?p=2937\",\"name\":\"Jahreshauptversammlung 2025 - Mit Rat und Tat f\u00fcr unser Thermalfreibad!\",\"isPartOf\":{\"@id\":\"https:\/\/foerderverein-thermalbad-badbodendorf.de\/#website\"},\"primaryImageOfPage\":{\"@id\":\"https:\/\/foerderverein-thermalbad-badbodendorf.de\/?p=2937#primaryimage\"},\"image\":{\"@id\":\"https:\/\/foerderverein-thermalbad-badbodendorf.de\/?p=2937#primaryimage\"},\"thumbnailUrl\":\"https:\/\/foerderverein-thermalbad-badbodendorf.de\/wp-content\/uploads\/WhatsApp-Image-2021-10-06-at-08.50.581.jpeg\",\"datePublished\":\"2025-10-23T09:58:22+00:00\",\"dateModified\":\"2025-10-23T09:58:25+00:00\",\"author\":{\"@id\":\"https:\/\/foerderverein-thermalbad-badbodendorf.de\/#\/schema\/person\/c4b226087e138a4152ba4a346fae92ad\"},\"inLanguage\":\"de\",\"potentialAction\":[{\"@type\":\"ReadAction\",\"target\":[\"https:\/\/foerderverein-thermalbad-badbodendorf.de\/?p=2937\"]}]},{\"@type\":\"ImageObject\",\"inLanguage\":\"de\",\"@id\":\"https:\/\/foerderverein-thermalbad-badbodendorf.de\/?p=2937#primaryimage\",\"url\":\"https:\/\/foerderverein-thermalbad-badbodendorf.de\/wp-content\/uploads\/WhatsApp-Image-2021-10-06-at-08.50.581.jpeg\",\"contentUrl\":\"https:\/\/foerderverein-thermalbad-badbodendorf.de\/wp-content\/uploads\/WhatsApp-Image-2021-10-06-at-08.50.581.jpeg\",\"width\":1600,\"height\":900},{\"@type\":\"WebSite\",\"@id\":\"https:\/\/foerderverein-thermalbad-badbodendorf.de\/#website\",\"url\":\"https:\/\/foerderverein-thermalbad-badbodendorf.de\/\",\"name\":\"Mit Rat und Tat f\u00fcr unser Thermalfreibad!\",\"description\":\"\",\"potentialAction\":[{\"@type\":\"SearchAction\",\"target\":{\"@type\":\"EntryPoint\",\"urlTemplate\":\"https:\/\/foerderverein-thermalbad-badbodendorf.de\/?s={search_term_string}\"},\"query-input\":{\"@type\":\"PropertyValueSpecification\",\"valueRequired\":true,\"valueName\":\"search_term_string\"}}],\"inLanguage\":\"de\"},{\"@type\":\"Person\",\"@id\":\"https:\/\/foerderverein-thermalbad-badbodendorf.de\/#\/schema\/person\/c4b226087e138a4152ba4a346fae92ad\",\"name\":\"Achim Gottschalk\",\"url\":\"https:\/\/foerderverein-thermalbad-badbodendorf.de\/?author=6\"}]}<\/script>\n<!-- \/ Yoast SEO plugin. -->","yoast_head_json":{"title":"Jahreshauptversammlung 2025 - Mit Rat und Tat f\u00fcr unser Thermalfreibad!","robots":{"index":"index","follow":"follow","max-snippet":"max-snippet:-1","max-image-preview":"max-image-preview:large","max-video-preview":"max-video-preview:-1"},"canonical":"https:\/\/foerderverein-thermalbad-badbodendorf.de\/?p=2937","twitter_misc":{"Verfasst von":"Achim Gottschalk","Gesch\u00e4tzte Lesezeit":"2\u00a0Minuten"},"schema":{"@context":"https:\/\/schema.org","@graph":[{"@type":"Article","@id":"https:\/\/foerderverein-thermalbad-badbodendorf.de\/?p=2937#article","isPartOf":{"@id":"https:\/\/foerderverein-thermalbad-badbodendorf.de\/?p=2937"},"author":{"name":"Achim Gottschalk","@id":"https:\/\/foerderverein-thermalbad-badbodendorf.de\/#\/schema\/person\/c4b226087e138a4152ba4a346fae92ad"},"headline":"Jahreshauptversammlung 2025","datePublished":"2025-10-23T09:58:22+00:00","dateModified":"2025-10-23T09:58:25+00:00","mainEntityOfPage":{"@id":"https:\/\/foerderverein-thermalbad-badbodendorf.de\/?p=2937"},"wordCount":159,"image":{"@id":"https:\/\/foerderverein-thermalbad-badbodendorf.de\/?p=2937#primaryimage"},"thumbnailUrl":"https:\/\/foerderverein-thermalbad-badbodendorf.de\/wp-content\/uploads\/WhatsApp-Image-2021-10-06-at-08.50.581.jpeg","articleSection":["Neuigkeiten"],"inLanguage":"de"},{"@type":"WebPage","@id":"https:\/\/foerderverein-thermalbad-badbodendorf.de\/?p=2937","url":"https:\/\/foerderverein-thermalbad-badbodendorf.de\/?p=2937","name":"Jahreshauptversammlung 2025 - Mit Rat und Tat f\u00fcr unser Thermalfreibad!","isPartOf":{"@id":"https:\/\/foerderverein-thermalbad-badbodendorf.de\/#website"},"primaryImageOfPage":{"@id":"https:\/\/foerderverein-thermalbad-badbodendorf.de\/?p=2937#primaryimage"},"image":{"@id":"https:\/\/foerderverein-thermalbad-badbodendorf.de\/?p=2937#primaryimage"},"thumbnailUrl":"https:\/\/foerderverein-thermalbad-badbodendorf.de\/wp-content\/uploads\/WhatsApp-Image-2021-10-06-at-08.50.581.jpeg","datePublished":"2025-10-23T09:58:22+00:00","dateModified":"2025-10-23T09:58:25+00:00","author":{"@id":"https:\/\/foerderverein-thermalbad-badbodendorf.de\/#\/schema\/person\/c4b226087e138a4152ba4a346fae92ad"},"inLanguage":"de","potentialAction":[{"@type":"ReadAction","target":["https:\/\/foerderverein-thermalbad-badbodendorf.de\/?p=2937"]}]},{"@type":"ImageObject","inLanguage":"de","@id":"https:\/\/foerderverein-thermalbad-badbodendorf.de\/?p=2937#primaryimage","url":"https:\/\/foerderverein-thermalbad-badbodendorf.de\/wp-content\/uploads\/WhatsApp-Image-2021-10-06-at-08.50.581.jpeg","contentUrl":"https:\/\/foerderverein-thermalbad-badbodendorf.de\/wp-content\/uploads\/WhatsApp-Image-2021-10-06-at-08.50.581.jpeg","width":1600,"height":900},{"@type":"WebSite","@id":"https:\/\/foerderverein-thermalbad-badbodendorf.de\/#website","url":"https:\/\/foerderverein-thermalbad-badbodendorf.de\/","name":"Mit Rat und Tat f\u00fcr unser Thermalfreibad!","description":"","potentialAction":[{"@type":"SearchAction","target":{"@type":"EntryPoint","urlTemplate":"https:\/\/foerderverein-thermalbad-badbodendorf.de\/?s={search_term_string}"},"query-input":{"@type":"PropertyValueSpecification","valueRequired":true,"valueName":"search_term_string"}}],"inLanguage":"de"},{"@type":"Person","@id":"https:\/\/foerderverein-thermalbad-badbodendorf.de\/#\/schema\/person\/c4b226087e138a4152ba4a346fae92ad","name":"Achim Gottschalk","url":"https:\/\/foerderverein-thermalbad-badbodendorf.de\/?author=6"}]}},"_links":{"self":[{"href":"https:\/\/foerderverein-thermalbad-badbodendorf.de\/index.php?rest_route=\/wp\/v2\/posts\/2937","targetHints":{"allow":["GET"]}}],"collection":[{"href":"https:\/\/foerderverein-thermalbad-badbodendorf.de\/index.php?rest_route=\/wp\/v2\/posts"}],"about":[{"href":"https:\/\/foerderverein-thermalbad-badbodendorf.de\/index.php?rest_route=\/wp\/v2\/types\/post"}],"author":[{"embeddable":true,"href":"https:\/\/foerderverein-thermalbad-badbodendorf.de\/index.php?rest_route=\/wp\/v2\/users\/6"}],"replies":[{"embeddable":true,"href":"https:\/\/foerderverein-thermalbad-badbodendorf.de\/index.php?rest_route=%2Fwp%2Fv2%2Fcomments&post=2937"}],"version-history":[{"count":1,"href":"https:\/\/foerderverein-thermalbad-badbodendorf.de\/index.php?rest_route=\/wp\/v2\/posts\/2937\/revisions"}],"predecessor-version":[{"id":2938,"href":"https:\/\/foerderverein-thermalbad-badbodendorf.de\/index.php?rest_route=\/wp\/v2\/posts\/2937\/revisions\/2938"}],"wp:featuredmedia":[{"embeddable":true,"href":"https:\/\/foerderverein-thermalbad-badbodendorf.de\/index.php?rest_route=\/wp\/v2\/media\/2677"}],"wp:attachment":[{"href":"https:\/\/foerderverein-thermalbad-badbodendorf.de\/index.php?rest_route=%2Fwp%2Fv2%2Fmedia&parent=2937"}],"wp:term":[{"taxonomy":"category","embeddable":true,"href":"https:\/\/foerderverein-thermalbad-badbodendorf.de\/index.php?rest_route=%2Fwp%2Fv2%2Fcategories&post=2937"},{"taxonomy":"post_tag","embeddable":true,"href":"https:\/\/foerderverein-thermalbad-badbodendorf.de\/index.php?rest_route=%2Fwp%2Fv2%2Ftags&post=2937"}],"curies":[{"name":"wp","href":"https:\/\/api.w.org\/{rel}","templated":true}]}}